{"id":4213,"date":"2026-04-28T13:26:51","date_gmt":"2026-04-28T16:26:51","guid":{"rendered":"https:\/\/emc.mg.gov.br\/institucional\/?p=4213"},"modified":"2026-04-28T13:27:29","modified_gmt":"2026-04-28T16:27:29","slug":"emc-participa-do-2o-seminario-regional-de-comunicacao-publica-de-minas-gerais","status":"publish","type":"post","link":"https:\/\/emc.mg.gov.br\/institucional\/emc-participa-do-2o-seminario-regional-de-comunicacao-publica-de-minas-gerais\/","title":{"rendered":"EMC participa do 2\u00ba Semin\u00e1rio Regional de Comunica\u00e7\u00e3o P\u00fablica de Minas Gerais"},"content":{"rendered":"\n<figure class=\"wp-container-2 wp-block-gallery-1 wp-block-gallery has-nested-images columns-default is-cropped\">\n<figure class=\"wp-block-image size-full\"><img loading=\"lazy\" width=\"300\" height=\"235\" data-id=\"4215\"  src=\"http:\/\/emc.mg.gov.br\/institucional\/wp-content\/uploads\/2026\/04\/THUMB-SITE-REDE-MINAS-E-EMC-1.png\" alt=\"\" class=\"wp-image-4215\"\/><figcaption>Marca EMC &#8211; Divulga\u00e7\u00e3o <\/figcaption><\/figure>\n\n\n\n<figure class=\"wp-block-image size-large\"><img loading=\"lazy\" width=\"300\" height=\"235\" data-id=\"4214\"  src=\"http:\/\/emc.mg.gov.br\/institucional\/wp-content\/uploads\/2026\/04\/THUMB-SITE-REDE-MINAS-E-EMC.png\" alt=\"\" class=\"wp-image-4214\"\/><figcaption>Jornalista Aline Scarponi &#8211; Divulga\u00e7\u00e3o<\/figcaption><\/figure>\n\n\n\n<figure class=\"wp-block-image size-large\"><img loading=\"lazy\" width=\"300\" height=\"235\" data-id=\"3909\"  src=\"http:\/\/emc.mg.gov.br\/institucional\/wp-content\/uploads\/2025\/11\/THUMB-SITE-REDE-MINAS-E-EMC-27.png\" alt=\"\" class=\"wp-image-3909\"\/><figcaption>Marca Rede Minas &#8211; Divulga\u00e7\u00e3o <\/figcaption><\/figure>\n<\/figure>\n\n\n\n<p><\/p>\n\n\n\n<p>A Empresa Mineira de Comunica\u00e7\u00e3o (EMC), que gere a Rede Minas e R\u00e1dio Inconfid\u00eancia, participa do 2\u00ba Semin\u00e1rio Regional de Comunica\u00e7\u00e3o P\u00fablica de Minas Gerais, que re\u00fane, nos dias 28 e 29 de abril, profissionais, pesquisadores e gestores para debater os desafios e perspectivas da \u00e1rea no pa\u00eds.<\/p>\n\n\n\n<p>Representando a EMC, a jornalista Aline Scarponi, editora e apresentadora do Jornal Minas (2\u00aa edi\u00e7\u00e3o), integra o painel \u201cO papel da TV P\u00fablica na promo\u00e7\u00e3o da cidadania\u201d, na quarta (29). Na ocasi\u00e3o, ela compartilha experi\u00eancias da emissora na produ\u00e7\u00e3o de conte\u00fado jornal\u00edstico voltado ao interesse p\u00fablico, al\u00e9m de abordar os desafios e as responsabilidades da comunica\u00e7\u00e3o p\u00fablica no cen\u00e1rio atual. Tamb\u00e9m participam do debate o coordenador-geral da TV Senado, Henrique de Oliveira Lima, e Leandro Heringer, da Secretaria de Estado de Sa\u00fade.<\/p>\n\n\n\n<p>2\u00ba Semin\u00e1rio Regional de Comunica\u00e7\u00e3o P\u00fablica de Minas Gerais:<\/p>\n\n\n\n<p>Promovido pela Associa\u00e7\u00e3o Brasileira de Comunica\u00e7\u00e3o P\u00fablica (ABCP\u00fablica), o encontro ser\u00e1 realizado, presencialmente, no audit\u00f3rio da Defensoria P\u00fablica do Estado de Minas Gerais. Nesta edi\u00e7\u00e3o, o evento aborda temas estrat\u00e9gicos para o fortalecimento da comunica\u00e7\u00e3o p\u00fablica no Brasil, como transpar\u00eancia na gest\u00e3o p\u00fablica, uso da intelig\u00eancia artificial, linguagem simples, relacionamento com a imprensa e influenciadores digitais, al\u00e9m de boas pr\u00e1ticas em m\u00eddias sociais e \u00f3rg\u00e3os p\u00fablicos.<\/p>\n\n\n\n<p>Servi\u00e7o:<br>2\u00ba Semin\u00e1rio Regional de Comunica\u00e7\u00e3o P\u00fablica de Minas Gerais<br>Painel: \u201cO papel da TV P\u00fablica na promo\u00e7\u00e3o da cidadania\u201d<br>Participa\u00e7\u00e3o: Aline Scarponi, Henrique de Oliveira Lima e Leandro Heringer<br>Data: quarta-feira (29), \u00e0s 11h<\/p>\n","protected":false},"excerpt":{"rendered":"<p>A Empresa Mineira de Comunica\u00e7\u00e3o (EMC), que gere a Rede Minas e R\u00e1dio Inconfid\u00eancia, participa do 2\u00ba Semin\u00e1rio Regional de Comunica\u00e7\u00e3o P\u00fablica de Minas Gerais, que re\u00fane, nos dias 28 e 29 de abril, profissionais, pesquisadores e gestores para debater os desafios e perspectivas da \u00e1rea no pa\u00eds. Representando a EMC, a jornalista Aline Scarponi, [&hellip;]<\/p>\n","protected":false},"author":2,"featured_media":4215,"comment_status":"open","ping_status":"open","sticky":false,"template":"","format":"standard","meta":{"ub_ctt_via":""},"categories":[1],"tags":[],"featured_image_src":"https:\/\/emc.mg.gov.br\/institucional\/wp-content\/uploads\/2026\/04\/THUMB-SITE-REDE-MINAS-E-EMC-1.png","author_info":{"display_name":"Administrador Site EMC","author_link":"https:\/\/emc.mg.gov.br\/institucional\/author\/emc_adminweb\/"},"yoast_head":"<!-- This site is optimized with the Yoast SEO plugin v19.5.1 - https:\/\/yoast.com\/wordpress\/plugins\/seo\/ -->\n<title>EMC participa do 2\u00ba Semin\u00e1rio Regional de Comunica\u00e7\u00e3o P\u00fablica de Minas Gerais - EMC<\/title>\n<meta name=\"robots\" content=\"index, follow, max-snippet:-1, max-image-preview:large, max-video-preview:-1\" \/>\n<link rel=\"canonical\" href=\"https:\/\/emc.mg.gov.br\/institucional\/emc-participa-do-2o-seminario-regional-de-comunicacao-publica-de-minas-gerais\/\" \/>\n<meta property=\"og:locale\" content=\"pt_BR\" \/>\n<meta property=\"og:type\" content=\"article\" \/>\n<meta property=\"og:title\" content=\"EMC participa do 2\u00ba Semin\u00e1rio Regional de Comunica\u00e7\u00e3o P\u00fablica de Minas Gerais - EMC\" \/>\n<meta property=\"og:description\" content=\"A Empresa Mineira de Comunica\u00e7\u00e3o (EMC), que gere a Rede Minas e R\u00e1dio Inconfid\u00eancia, participa do 2\u00ba Semin\u00e1rio Regional de Comunica\u00e7\u00e3o P\u00fablica de Minas Gerais, que re\u00fane, nos dias 28 e 29 de abril, profissionais, pesquisadores e gestores para debater os desafios e perspectivas da \u00e1rea no pa\u00eds. Representando a EMC, a jornalista Aline Scarponi, [&hellip;]\" \/>\n<meta property=\"og:url\" content=\"https:\/\/emc.mg.gov.br\/institucional\/emc-participa-do-2o-seminario-regional-de-comunicacao-publica-de-minas-gerais\/\" \/>\n<meta property=\"og:site_name\" content=\"EMC\" \/>\n<meta property=\"article:published_time\" content=\"2026-04-28T16:26:51+00:00\" \/>\n<meta property=\"article:modified_time\" content=\"2026-04-28T16:27:29+00:00\" \/>\n<meta property=\"og:image\" content=\"http:\/\/emc.mg.gov.br\/institucional\/wp-content\/uploads\/2026\/04\/THUMB-SITE-REDE-MINAS-E-EMC-1.png\" \/>\n\t<meta property=\"og:image:width\" content=\"300\" \/>\n\t<meta property=\"og:image:height\" content=\"235\" \/>\n\t<meta property=\"og:image:type\" content=\"image\/png\" \/>\n<meta name=\"author\" content=\"Administrador Site EMC\" \/>\n<meta name=\"twitter:card\" content=\"summary_large_image\" \/>\n<meta name=\"twitter:label1\" content=\"Escrito por\" \/>\n\t<meta name=\"twitter:data1\" content=\"Administrador Site EMC\" \/>\n\t<meta name=\"twitter:label2\" content=\"Est. tempo de leitura\" \/>\n\t<meta name=\"twitter:data2\" content=\"1 minuto\" \/>\n<script type=\"application\/ld+json\" class=\"yoast-schema-graph\">{\"@context\":\"https:\/\/schema.org\",\"@graph\":[{\"@type\":\"Article\",\"@id\":\"https:\/\/emc.mg.gov.br\/institucional\/emc-participa-do-2o-seminario-regional-de-comunicacao-publica-de-minas-gerais\/#article\",\"isPartOf\":{\"@id\":\"https:\/\/emc.mg.gov.br\/institucional\/emc-participa-do-2o-seminario-regional-de-comunicacao-publica-de-minas-gerais\/\"},\"author\":{\"name\":\"Administrador Site EMC\",\"@id\":\"http:\/\/emc.mg.gov.br\/institucional\/#\/schema\/person\/b3c1372ae3ed1f53d53d7ebb7048c1a1\"},\"headline\":\"EMC participa do 2\u00ba Semin\u00e1rio Regional de Comunica\u00e7\u00e3o P\u00fablica de Minas Gerais\",\"datePublished\":\"2026-04-28T16:26:51+00:00\",\"dateModified\":\"2026-04-28T16:27:29+00:00\",\"mainEntityOfPage\":{\"@id\":\"https:\/\/emc.mg.gov.br\/institucional\/emc-participa-do-2o-seminario-regional-de-comunicacao-publica-de-minas-gerais\/\"},\"wordCount\":313,\"commentCount\":0,\"publisher\":{\"@id\":\"http:\/\/emc.mg.gov.br\/institucional\/#organization\"},\"inLanguage\":\"pt-BR\",\"potentialAction\":[{\"@type\":\"CommentAction\",\"name\":\"Comment\",\"target\":[\"https:\/\/emc.mg.gov.br\/institucional\/emc-participa-do-2o-seminario-regional-de-comunicacao-publica-de-minas-gerais\/#respond\"]}]},{\"@type\":\"WebPage\",\"@id\":\"https:\/\/emc.mg.gov.br\/institucional\/emc-participa-do-2o-seminario-regional-de-comunicacao-publica-de-minas-gerais\/\",\"url\":\"https:\/\/emc.mg.gov.br\/institucional\/emc-participa-do-2o-seminario-regional-de-comunicacao-publica-de-minas-gerais\/\",\"name\":\"EMC participa do 2\u00ba Semin\u00e1rio Regional de Comunica\u00e7\u00e3o P\u00fablica de Minas Gerais - EMC\",\"isPartOf\":{\"@id\":\"http:\/\/emc.mg.gov.br\/institucional\/#website\"},\"datePublished\":\"2026-04-28T16:26:51+00:00\",\"dateModified\":\"2026-04-28T16:27:29+00:00\",\"breadcrumb\":{\"@id\":\"https:\/\/emc.mg.gov.br\/institucional\/emc-participa-do-2o-seminario-regional-de-comunicacao-publica-de-minas-gerais\/#breadcrumb\"},\"inLanguage\":\"pt-BR\",\"potentialAction\":[{\"@type\":\"ReadAction\",\"target\":[\"https:\/\/emc.mg.gov.br\/institucional\/emc-participa-do-2o-seminario-regional-de-comunicacao-publica-de-minas-gerais\/\"]}]},{\"@type\":\"BreadcrumbList\",\"@id\":\"https:\/\/emc.mg.gov.br\/institucional\/emc-participa-do-2o-seminario-regional-de-comunicacao-publica-de-minas-gerais\/#breadcrumb\",\"itemListElement\":[{\"@type\":\"ListItem\",\"position\":1,\"name\":\"In\u00edcio\",\"item\":\"http:\/\/emc.mg.gov.br\/institucional\/\"},{\"@type\":\"ListItem\",\"position\":2,\"name\":\"EMC participa do 2\u00ba Semin\u00e1rio Regional de Comunica\u00e7\u00e3o P\u00fablica de Minas Gerais\"}]},{\"@type\":\"WebSite\",\"@id\":\"http:\/\/emc.mg.gov.br\/institucional\/#website\",\"url\":\"http:\/\/emc.mg.gov.br\/institucional\/\",\"name\":\"EMC\",\"description\":\"Empresa Mineira de Comunica\u00e7\u00e3o\",\"publisher\":{\"@id\":\"http:\/\/emc.mg.gov.br\/institucional\/#organization\"},\"potentialAction\":[{\"@type\":\"SearchAction\",\"target\":{\"@type\":\"EntryPoint\",\"urlTemplate\":\"http:\/\/emc.mg.gov.br\/institucional\/?s={search_term_string}\"},\"query-input\":\"required name=search_term_string\"}],\"inLanguage\":\"pt-BR\"},{\"@type\":\"Organization\",\"@id\":\"http:\/\/emc.mg.gov.br\/institucional\/#organization\",\"name\":\"EMC\",\"url\":\"http:\/\/emc.mg.gov.br\/institucional\/\",\"sameAs\":[],\"logo\":{\"@type\":\"ImageObject\",\"inLanguage\":\"pt-BR\",\"@id\":\"http:\/\/emc.mg.gov.br\/institucional\/#\/schema\/logo\/image\/\",\"url\":\"https:\/\/emc.mg.gov.br\/institucional\/wp-content\/uploads\/2022\/06\/EMCmarca.png\",\"contentUrl\":\"https:\/\/emc.mg.gov.br\/institucional\/wp-content\/uploads\/2022\/06\/EMCmarca.png\",\"width\":133,\"height\":89,\"caption\":\"EMC \"},\"image\":{\"@id\":\"http:\/\/emc.mg.gov.br\/institucional\/#\/schema\/logo\/image\/\"}},{\"@type\":\"Person\",\"@id\":\"http:\/\/emc.mg.gov.br\/institucional\/#\/schema\/person\/b3c1372ae3ed1f53d53d7ebb7048c1a1\",\"name\":\"Administrador Site EMC\",\"image\":{\"@type\":\"ImageObject\",\"inLanguage\":\"pt-BR\",\"@id\":\"http:\/\/emc.mg.gov.br\/institucional\/#\/schema\/person\/image\/\",\"url\":\"https:\/\/secure.gravatar.com\/avatar\/63af941dcc4c886e80dad58d5a5027c6?s=96&d=mm&r=g\",\"contentUrl\":\"https:\/\/secure.gravatar.com\/avatar\/63af941dcc4c886e80dad58d5a5027c6?s=96&d=mm&r=g\",\"caption\":\"Administrador Site EMC\"},\"url\":\"https:\/\/emc.mg.gov.br\/institucional\/author\/emc_adminweb\/\"}]}<\/script>\n<!-- \/ Yoast SEO plugin. -->","yoast_head_json":{"title":"EMC participa do 2\u00ba Semin\u00e1rio Regional de Comunica\u00e7\u00e3o P\u00fablica de Minas Gerais - EMC","robots":{"index":"index","follow":"follow","max-snippet":"max-snippet:-1","max-image-preview":"max-image-preview:large","max-video-preview":"max-video-preview:-1"},"canonical":"https:\/\/emc.mg.gov.br\/institucional\/emc-participa-do-2o-seminario-regional-de-comunicacao-publica-de-minas-gerais\/","og_locale":"pt_BR","og_type":"article","og_title":"EMC participa do 2\u00ba Semin\u00e1rio Regional de Comunica\u00e7\u00e3o P\u00fablica de Minas Gerais - EMC","og_description":"A Empresa Mineira de Comunica\u00e7\u00e3o (EMC), que gere a Rede Minas e R\u00e1dio Inconfid\u00eancia, participa do 2\u00ba Semin\u00e1rio Regional de Comunica\u00e7\u00e3o P\u00fablica de Minas Gerais, que re\u00fane, nos dias 28 e 29 de abril, profissionais, pesquisadores e gestores para debater os desafios e perspectivas da \u00e1rea no pa\u00eds. Representando a EMC, a jornalista Aline Scarponi, [&hellip;]","og_url":"https:\/\/emc.mg.gov.br\/institucional\/emc-participa-do-2o-seminario-regional-de-comunicacao-publica-de-minas-gerais\/","og_site_name":"EMC","article_published_time":"2026-04-28T16:26:51+00:00","article_modified_time":"2026-04-28T16:27:29+00:00","og_image":[{"width":300,"height":235,"url":"http:\/\/emc.mg.gov.br\/institucional\/wp-content\/uploads\/2026\/04\/THUMB-SITE-REDE-MINAS-E-EMC-1.png","type":"image\/png"}],"author":"Administrador Site EMC","twitter_card":"summary_large_image","twitter_misc":{"Escrito por":"Administrador Site EMC","Est. tempo de leitura":"1 minuto"},"schema":{"@context":"https:\/\/schema.org","@graph":[{"@type":"Article","@id":"https:\/\/emc.mg.gov.br\/institucional\/emc-participa-do-2o-seminario-regional-de-comunicacao-publica-de-minas-gerais\/#article","isPartOf":{"@id":"https:\/\/emc.mg.gov.br\/institucional\/emc-participa-do-2o-seminario-regional-de-comunicacao-publica-de-minas-gerais\/"},"author":{"name":"Administrador Site EMC","@id":"http:\/\/emc.mg.gov.br\/institucional\/#\/schema\/person\/b3c1372ae3ed1f53d53d7ebb7048c1a1"},"headline":"EMC participa do 2\u00ba Semin\u00e1rio Regional de Comunica\u00e7\u00e3o P\u00fablica de Minas Gerais","datePublished":"2026-04-28T16:26:51+00:00","dateModified":"2026-04-28T16:27:29+00:00","mainEntityOfPage":{"@id":"https:\/\/emc.mg.gov.br\/institucional\/emc-participa-do-2o-seminario-regional-de-comunicacao-publica-de-minas-gerais\/"},"wordCount":313,"commentCount":0,"publisher":{"@id":"http:\/\/emc.mg.gov.br\/institucional\/#organization"},"inLanguage":"pt-BR","potentialAction":[{"@type":"CommentAction","name":"Comment","target":["https:\/\/emc.mg.gov.br\/institucional\/emc-participa-do-2o-seminario-regional-de-comunicacao-publica-de-minas-gerais\/#respond"]}]},{"@type":"WebPage","@id":"https:\/\/emc.mg.gov.br\/institucional\/emc-participa-do-2o-seminario-regional-de-comunicacao-publica-de-minas-gerais\/","url":"https:\/\/emc.mg.gov.br\/institucional\/emc-participa-do-2o-seminario-regional-de-comunicacao-publica-de-minas-gerais\/","name":"EMC participa do 2\u00ba Semin\u00e1rio Regional de Comunica\u00e7\u00e3o P\u00fablica de Minas Gerais - EMC","isPartOf":{"@id":"http:\/\/emc.mg.gov.br\/institucional\/#website"},"datePublished":"2026-04-28T16:26:51+00:00","dateModified":"2026-04-28T16:27:29+00:00","breadcrumb":{"@id":"https:\/\/emc.mg.gov.br\/institucional\/emc-participa-do-2o-seminario-regional-de-comunicacao-publica-de-minas-gerais\/#breadcrumb"},"inLanguage":"pt-BR","potentialAction":[{"@type":"ReadAction","target":["https:\/\/emc.mg.gov.br\/institucional\/emc-participa-do-2o-seminario-regional-de-comunicacao-publica-de-minas-gerais\/"]}]},{"@type":"BreadcrumbList","@id":"https:\/\/emc.mg.gov.br\/institucional\/emc-participa-do-2o-seminario-regional-de-comunicacao-publica-de-minas-gerais\/#breadcrumb","itemListElement":[{"@type":"ListItem","position":1,"name":"In\u00edcio","item":"http:\/\/emc.mg.gov.br\/institucional\/"},{"@type":"ListItem","position":2,"name":"EMC participa do 2\u00ba Semin\u00e1rio Regional de Comunica\u00e7\u00e3o P\u00fablica de Minas Gerais"}]},{"@type":"WebSite","@id":"http:\/\/emc.mg.gov.br\/institucional\/#website","url":"http:\/\/emc.mg.gov.br\/institucional\/","name":"EMC","description":"Empresa Mineira de Comunica\u00e7\u00e3o","publisher":{"@id":"http:\/\/emc.mg.gov.br\/institucional\/#organization"},"potentialAction":[{"@type":"SearchAction","target":{"@type":"EntryPoint","urlTemplate":"http:\/\/emc.mg.gov.br\/institucional\/?s={search_term_string}"},"query-input":"required name=search_term_string"}],"inLanguage":"pt-BR"},{"@type":"Organization","@id":"http:\/\/emc.mg.gov.br\/institucional\/#organization","name":"EMC","url":"http:\/\/emc.mg.gov.br\/institucional\/","sameAs":[],"logo":{"@type":"ImageObject","inLanguage":"pt-BR","@id":"http:\/\/emc.mg.gov.br\/institucional\/#\/schema\/logo\/image\/","url":"https:\/\/emc.mg.gov.br\/institucional\/wp-content\/uploads\/2022\/06\/EMCmarca.png","contentUrl":"https:\/\/emc.mg.gov.br\/institucional\/wp-content\/uploads\/2022\/06\/EMCmarca.png","width":133,"height":89,"caption":"EMC "},"image":{"@id":"http:\/\/emc.mg.gov.br\/institucional\/#\/schema\/logo\/image\/"}},{"@type":"Person","@id":"http:\/\/emc.mg.gov.br\/institucional\/#\/schema\/person\/b3c1372ae3ed1f53d53d7ebb7048c1a1","name":"Administrador Site EMC","image":{"@type":"ImageObject","inLanguage":"pt-BR","@id":"http:\/\/emc.mg.gov.br\/institucional\/#\/schema\/person\/image\/","url":"https:\/\/secure.gravatar.com\/avatar\/63af941dcc4c886e80dad58d5a5027c6?s=96&d=mm&r=g","contentUrl":"https:\/\/secure.gravatar.com\/avatar\/63af941dcc4c886e80dad58d5a5027c6?s=96&d=mm&r=g","caption":"Administrador Site EMC"},"url":"https:\/\/emc.mg.gov.br\/institucional\/author\/emc_adminweb\/"}]}},"_links":{"self":[{"href":"https:\/\/emc.mg.gov.br\/institucional\/wp-json\/wp\/v2\/posts\/4213"}],"collection":[{"href":"https:\/\/emc.mg.gov.br\/institucional\/wp-json\/wp\/v2\/posts"}],"about":[{"href":"https:\/\/emc.mg.gov.br\/institucional\/wp-json\/wp\/v2\/types\/post"}],"author":[{"embeddable":true,"href":"https:\/\/emc.mg.gov.br\/institucional\/wp-json\/wp\/v2\/users\/2"}],"replies":[{"embeddable":true,"href":"https:\/\/emc.mg.gov.br\/institucional\/wp-json\/wp\/v2\/comments?post=4213"}],"version-history":[{"count":2,"href":"https:\/\/emc.mg.gov.br\/institucional\/wp-json\/wp\/v2\/posts\/4213\/revisions"}],"predecessor-version":[{"id":4217,"href":"https:\/\/emc.mg.gov.br\/institucional\/wp-json\/wp\/v2\/posts\/4213\/revisions\/4217"}],"wp:featuredmedia":[{"embeddable":true,"href":"https:\/\/emc.mg.gov.br\/institucional\/wp-json\/wp\/v2\/media\/4215"}],"wp:attachment":[{"href":"https:\/\/emc.mg.gov.br\/institucional\/wp-json\/wp\/v2\/media?parent=4213"}],"wp:term":[{"taxonomy":"category","embeddable":true,"href":"https:\/\/emc.mg.gov.br\/institucional\/wp-json\/wp\/v2\/categories?post=4213"},{"taxonomy":"post_tag","embeddable":true,"href":"https:\/\/emc.mg.gov.br\/institucional\/wp-json\/wp\/v2\/tags?post=4213"}],"curies":[{"name":"wp","href":"https:\/\/api.w.org\/{rel}","templated":true}]}}